{"id":372,"date":"2021-06-26T09:00:03","date_gmt":"2021-06-26T12:00:03","guid":{"rendered":"https:\/\/inovarconecta.com.br\/site\/?p=372"},"modified":"2022-12-25T21:40:05","modified_gmt":"2022-12-26T00:40:05","slug":"pesquisa-teorica-caracteristicas-e-objetivos","status":"publish","type":"post","link":"https:\/\/inovarconecta.com.br\/digital\/pesquisa-teorica-caracteristicas-e-objetivos\/","title":{"rendered":"Pesquisa te\u00f3rica &#8211; caracter\u00edsticas e objetivos"},"content":{"rendered":"\r\n<p>O que \u00e9 uma <strong>pesquisa te\u00f3rica<\/strong>?\u00a0Quais as caracter\u00edsticas de\u00a0uma pesquisa te\u00f3rica?\u00a0 Quais os objetivos de uma pesquisa te\u00f3rica?<\/p>\r\n\r\n\r\n\r\n<p>Apresento abaixo fragmentos de um artigo de minha autoria,\u00a0no qual\u00a0discuto aspectos b\u00e1sicos sobre a <strong>pr\u00e1tica de pesquisa<\/strong>, com foco em<strong> Letras e Educa\u00e7\u00e3o<\/strong>.<\/p>\r\n\r\n\r\n\r\n<p>Sem d\u00favidas, muitos estudantes encontram dificuldades para planejar uma pesquisa, especialmento na defini\u00e7\u00e3o de <strong>objetivos e metodologias<\/strong>\u00a0de\u00a0<strong>pesquisas aplicadas<\/strong>.<\/p>\r\n\r\n\r\n\r\n<p>Em posts futuros, abordarei a pesquisa aplicada.<\/p>\r\n\r\n\r\n\r\n<blockquote class=\"wp-block-quote is-layout-flow wp-block-quote-is-layout-flow\">\r\n<p>\u00a0Em termos gerais, s\u00e3o consideradas pesquisas te\u00f3ricas aquelas que t\u00eam por finalidade o conhecer ou aprofundar conhecimentos e discuss\u00f5es (BARROS e LEHFELD, 2000, p. 78). Em s\u00edntese, \u00e9 poss\u00edvel afirmar que a pesquisa te\u00f3rica n\u00e3o requer coleta de dados e pesquisa de campo. Ela busca, em geral, compreender ou proporcionar um espa\u00e7o para discuss\u00e3o de um tema ou uma quest\u00e3o intrigante da realidade (TACHIZAWA e MENDES, 2006). No campo das Letras, \u00e9 a forma predominante de pesquisa em Literaturas. Isto n\u00e3o significa, entretanto, que n\u00e3o haja pesquisa aplicada em Literatura e que outras \u00e1reas de Letras, como L\u00edngua Portuguesa ou Lingu\u00edstica s\u00f3 sejam pesquisadas de forma aplicada. N\u00e3o devemos entender determinismos nestes exemplos.\u00a0 Em Educa\u00e7\u00e3o, a pesquisa te\u00f3rica visa, entre outras possibilidades, ao aprofundamento de estudo de conceitos, biografias de educadores, discuss\u00f5es de vis\u00f5es de ensino-aprendizagem.<\/p>\r\n<p>(&#8230;)<\/p>\r\n<p>A pesquisa te\u00f3rica tamb\u00e9m \u00e9 mencionada na literatura com outras denomina\u00e7\u00f5es: <em>pesquisa pura<\/em> (MEDEIROS, 2000, p. 33; APPOLIN\u00c1RIO, 2004, p.151), <em>b\u00e1sica<\/em> e <em>fundamental<\/em> (APPOLIN\u00c1RIO, 2004:151).<\/p>\r\n<p>A forma b\u00e1sica de pesquisa te\u00f3rica \u00e9 a bibliogr\u00e1fica. A pesquisa bibliogr\u00e1fica \u00e9, sem d\u00favida, a forma de pesquisa mais realizada em escolas e universidades.\u00a0 Os objetivos mais comuns s\u00e3o compreender e discutir a revis\u00e3o da literatura<a href=\"http:\/\/ensinoatual.com\/blog\/wp-admin\/post-new.php#_ftn2\">[2]<\/a> sobre o tema de pesquisa (TACHIZAWA e MENDES, 2006). Isto ocorre basicamente por consulta e estudo de livros, artigos, trabalhos monogr\u00e1ficos, jornais e enciclop\u00e9dias. O estudante tem contato com este tipo de pesquisa desde os primeiros anos escolares (DEMO, 2000).<\/p>\r\n<\/blockquote>\r\n\r\n\r\n<hr class=\"wp-block-separator\" \/>\r\n\r\n\r\n<p>VILA\u00c7A, M. L. C.\u00a0 Pesquisa e Ensino: Considera\u00e7\u00f5es e Reflex\u00f5es Revista E-scrita. Volume 1. N\u00famero 2. Maio-Agosto de 2010.<\/p>\r\n\r\n\r\n\r\n<p><a href=\"http:\/\/www.uniabeu.edu.br\/publica\/index.php\/RE\/article\/viewFile\/26\/pdf_23\" target=\"_blank\" rel=\"noreferrer noopener\"><strong>LEIA O ARTIGO<\/strong><\/a><strong>\u00a0&#8211;<\/strong> DISPON\u00cdVEL PARA LEITURA<\/p>\r\n\r\n\r\n\r\n<p><a href=\"http:\/\/ensinoatual.com\/blog\/wp-admin\/post-new.php#_ftnref2\">[2]<\/a> <em>Fundamenta\u00e7\u00e3o te\u00f3rica, base bibliogr\u00e1fica, arcabou\u00e7o te\u00f3rico, e pressupostos te\u00f3ricos<\/em> s\u00e3o outras denomina\u00e7\u00f5es freq\u00fcentes.<\/p>\r\n","protected":false},"excerpt":{"rendered":"<p>O que \u00e9 uma pesquisa te\u00f3rica?\u00a0Quais as caracter\u00edsticas de\u00a0uma pesquisa te\u00f3rica?\u00a0 Quais os objetivos de uma pesquisa te\u00f3rica? Apresento abaixo fragmentos de um artigo de minha autoria,\u00a0no qual\u00a0discuto aspectos b\u00e1sicos &hellip; <\/p>\n","protected":false},"author":2,"featured_media":718,"comment_status":"closed","ping_status":"closed","sticky":false,"template":"","format":"standard","meta":{"footnotes":""},"categories":[78,36],"tags":[40,50,59,60,62],"class_list":["post-372","post","type-post","status-publish","format-standard","has-post-thumbnail","hentry","category-metodologia-de-pesquisa","category-pesquisa","tag-ciencia","tag-formacao-academica","tag-metodologia-de-pesquisa","tag-pesquisa","tag-pos-graduacao"],"_links":{"self":[{"href":"https:\/\/inovarconecta.com.br\/digital\/wp-json\/wp\/v2\/posts\/372","targetHints":{"allow":["GET"]}}],"collection":[{"href":"https:\/\/inovarconecta.com.br\/digital\/wp-json\/wp\/v2\/posts"}],"about":[{"href":"https:\/\/inovarconecta.com.br\/digital\/wp-json\/wp\/v2\/types\/post"}],"author":[{"embeddable":true,"href":"https:\/\/inovarconecta.com.br\/digital\/wp-json\/wp\/v2\/users\/2"}],"replies":[{"embeddable":true,"href":"https:\/\/inovarconecta.com.br\/digital\/wp-json\/wp\/v2\/comments?post=372"}],"version-history":[{"count":3,"href":"https:\/\/inovarconecta.com.br\/digital\/wp-json\/wp\/v2\/posts\/372\/revisions"}],"predecessor-version":[{"id":972,"href":"https:\/\/inovarconecta.com.br\/digital\/wp-json\/wp\/v2\/posts\/372\/revisions\/972"}],"wp:featuredmedia":[{"embeddable":true,"href":"https:\/\/inovarconecta.com.br\/digital\/wp-json\/wp\/v2\/media\/718"}],"wp:attachment":[{"href":"https:\/\/inovarconecta.com.br\/digital\/wp-json\/wp\/v2\/media?parent=372"}],"wp:term":[{"taxonomy":"category","embeddable":true,"href":"https:\/\/inovarconecta.com.br\/digital\/wp-json\/wp\/v2\/categories?post=372"},{"taxonomy":"post_tag","embeddable":true,"href":"https:\/\/inovarconecta.com.br\/digital\/wp-json\/wp\/v2\/tags?post=372"}],"curies":[{"name":"wp","href":"https:\/\/api.w.org\/{rel}","templated":true}]}}