{"id":416,"date":"2021-06-26T09:03:34","date_gmt":"2021-06-26T12:03:34","guid":{"rendered":"https:\/\/inovarconecta.com.br\/site\/?p=416"},"modified":"2021-07-09T19:41:12","modified_gmt":"2021-07-09T22:41:12","slug":"inovacao-em-educacao","status":"publish","type":"post","link":"https:\/\/inovarconecta.com.br\/digital\/inovacao-em-educacao\/","title":{"rendered":"Inova\u00e7\u00e3o em Educa\u00e7\u00e3o"},"content":{"rendered":"\r\n<p>H\u00e1 uma recorrente argumenta\u00e7\u00e3o sobre a necessidade de inova\u00e7\u00e3o em educa\u00e7\u00e3o. Muitas vezes, no entanto, a inova\u00e7\u00e3o \u00e9 tratada de forma superficial ou com intuito de mais parecer inova\u00e7\u00e3o do que promover inova\u00e7\u00e3o.<\/p>\r\n\r\n\r\n\r\n<p>Vejamos o que 2 estudiosos falam sobre inova\u00e7\u00e3o na educa\u00e7\u00e3o:<\/p>\r\n\r\n\r\n\r\n<p>\u00a0\u201cMarcamos como pressuposto que as inova\u00e7\u00f5es educacionais nunca se apresentam com a caracter\u00edstica da neutralidade. Pelo contr\u00e1rio, sempre surgem como resultados de um contexto social, de determinada concep\u00e7\u00e3o de educa\u00e7\u00e3o e como resposta a necessidades emergentes para as quais os paradigmas atuais j\u00e1 n\u00e3o oferecem encaminhamentos aceit\u00e1veis.\u201d (MASSETO, 2012, p. 16)<\/p>\r\n\r\n\r\n\r\n<p>\u201cInova\u00e7\u00e3o Pedag\u00f3gica \u00e9 uma mudan\u00e7a deliberada e conscientemente assumida na organiza\u00e7\u00e3o dos processos de ensino e aprendizagem em rela\u00e7\u00e3o aos modelos vigentes e que consegue trazer melhores resultados.\u201d\u00a0 <br \/>(MORAN, 2018, p. 345)<\/p>\r\n","protected":false},"excerpt":{"rendered":"<p>H\u00e1 uma recorrente argumenta\u00e7\u00e3o sobre a necessidade de inova\u00e7\u00e3o em educa\u00e7\u00e3o. Muitas vezes, no entanto, a inova\u00e7\u00e3o \u00e9 tratada de forma superficial ou com intuito de mais parecer inova\u00e7\u00e3o do &hellip; <\/p>\n","protected":false},"author":2,"featured_media":671,"comment_status":"closed","ping_status":"closed","sticky":false,"template":"elementor_theme","format":"standard","meta":{"footnotes":""},"categories":[34],"tags":[42,46,51,53,68],"class_list":["post-416","post","type-post","status-publish","format-standard","has-post-thumbnail","hentry","category-inovacao","tag-desenvolvimento-profissional","tag-educacao","tag-formacao-de-professores","tag-inovacao","tag-tecnologias-digitais"],"_links":{"self":[{"href":"https:\/\/inovarconecta.com.br\/digital\/wp-json\/wp\/v2\/posts\/416","targetHints":{"allow":["GET"]}}],"collection":[{"href":"https:\/\/inovarconecta.com.br\/digital\/wp-json\/wp\/v2\/posts"}],"about":[{"href":"https:\/\/inovarconecta.com.br\/digital\/wp-json\/wp\/v2\/types\/post"}],"author":[{"embeddable":true,"href":"https:\/\/inovarconecta.com.br\/digital\/wp-json\/wp\/v2\/users\/2"}],"replies":[{"embeddable":true,"href":"https:\/\/inovarconecta.com.br\/digital\/wp-json\/wp\/v2\/comments?post=416"}],"version-history":[{"count":4,"href":"https:\/\/inovarconecta.com.br\/digital\/wp-json\/wp\/v2\/posts\/416\/revisions"}],"predecessor-version":[{"id":672,"href":"https:\/\/inovarconecta.com.br\/digital\/wp-json\/wp\/v2\/posts\/416\/revisions\/672"}],"wp:featuredmedia":[{"embeddable":true,"href":"https:\/\/inovarconecta.com.br\/digital\/wp-json\/wp\/v2\/media\/671"}],"wp:attachment":[{"href":"https:\/\/inovarconecta.com.br\/digital\/wp-json\/wp\/v2\/media?parent=416"}],"wp:term":[{"taxonomy":"category","embeddable":true,"href":"https:\/\/inovarconecta.com.br\/digital\/wp-json\/wp\/v2\/categories?post=416"},{"taxonomy":"post_tag","embeddable":true,"href":"https:\/\/inovarconecta.com.br\/digital\/wp-json\/wp\/v2\/tags?post=416"}],"curies":[{"name":"wp","href":"https:\/\/api.w.org\/{rel}","templated":true}]}}